{"id":538,"date":"2023-10-10T08:21:12","date_gmt":"2023-10-10T06:21:12","guid":{"rendered":"https:\/\/www.colegiosantaana.es\/wordpress\/?p=538"},"modified":"2023-10-10T08:21:13","modified_gmt":"2023-10-10T06:21:13","slug":"dia-de-la-comunidad-valenciana","status":"publish","type":"post","link":"https:\/\/www.colegiosantaana.es\/wordpress\/dia-de-la-comunidad-valenciana\/","title":{"rendered":"D\u00eda de la Comunidad Valenciana"},"content":{"rendered":"\n<p>El d\u00eda 9 de octubre se celebr\u00f3 el d\u00eda de la Comunidad Valenciana, y desde el cole trabajamos la historia de la que formamos parte los valencianos.<\/p>\n\n\n\n<p><\/p>\n\n\n<div class=\"wp-block-image\">\n<figure class=\"aligncenter size-full\"><img fetchpriority=\"high\" decoding=\"async\" width=\"640\" height=\"480\" src=\"https:\/\/www.colegiosantaana.es\/wordpress\/wp-content\/uploads\/2023\/10\/IMG_2374.jpg\" alt=\"\" class=\"wp-image-539\" srcset=\"https:\/\/www.colegiosantaana.es\/wordpress\/wp-content\/uploads\/2023\/10\/IMG_2374.jpg 640w, https:\/\/www.colegiosantaana.es\/wordpress\/wp-content\/uploads\/2023\/10\/IMG_2374-300x225.jpg 300w\" sizes=\"(max-width: 640px) 100vw, 640px\" \/><\/figure>\n<\/div>","protected":false},"excerpt":{"rendered":"<p>El d\u00eda 9 de octubre se celebr\u00f3 el d\u00eda de la Comunidad Valenciana, y desde el cole trabajamos la historia de la que formamos parte los valencianos.<\/p>\n","protected":false},"author":1,"featured_media":0,"comment_status":"closed","ping_status":"open","sticky":false,"template":"","format":"standard","meta":{"footnotes":""},"categories":[27],"tags":[],"class_list":["post-538","post","type-post","status-publish","format-standard","hentry","category-noticias"],"_links":{"self":[{"href":"https:\/\/www.colegiosantaana.es\/wordpress\/wp-json\/wp\/v2\/posts\/538","targetHints":{"allow":["GET"]}}],"collection":[{"href":"https:\/\/www.colegiosantaana.es\/wordpress\/wp-json\/wp\/v2\/posts"}],"about":[{"href":"https:\/\/www.colegiosantaana.es\/wordpress\/wp-json\/wp\/v2\/types\/post"}],"author":[{"embeddable":true,"href":"https:\/\/www.colegiosantaana.es\/wordpress\/wp-json\/wp\/v2\/users\/1"}],"replies":[{"embeddable":true,"href":"https:\/\/www.colegiosantaana.es\/wordpress\/wp-json\/wp\/v2\/comments?post=538"}],"version-history":[{"count":1,"href":"https:\/\/www.colegiosantaana.es\/wordpress\/wp-json\/wp\/v2\/posts\/538\/revisions"}],"predecessor-version":[{"id":540,"href":"https:\/\/www.colegiosantaana.es\/wordpress\/wp-json\/wp\/v2\/posts\/538\/revisions\/540"}],"wp:attachment":[{"href":"https:\/\/www.colegiosantaana.es\/wordpress\/wp-json\/wp\/v2\/media?parent=538"}],"wp:term":[{"taxonomy":"category","embeddable":true,"href":"https:\/\/www.colegiosantaana.es\/wordpress\/wp-json\/wp\/v2\/categories?post=538"},{"taxonomy":"post_tag","embeddable":true,"href":"https:\/\/www.colegiosantaana.es\/wordpress\/wp-json\/wp\/v2\/tags?post=538"}],"curies":[{"name":"wp","href":"https:\/\/api.w.org\/{rel}","templated":true}]}}