{"id":554,"date":"2023-10-19T08:26:19","date_gmt":"2023-10-19T06:26:19","guid":{"rendered":"https:\/\/www.colegiosantaana.es\/wordpress\/?p=554"},"modified":"2023-10-19T08:26:20","modified_gmt":"2023-10-19T06:26:20","slug":"muchas-gracias-2","status":"publish","type":"post","link":"https:\/\/www.colegiosantaana.es\/wordpress\/muchas-gracias-2\/","title":{"rendered":"\u00a1Muchas gracias!"},"content":{"rendered":"\n<figure class=\"wp-block-image size-large\"><img fetchpriority=\"high\" decoding=\"async\" width=\"1024\" height=\"768\" src=\"https:\/\/www.colegiosantaana.es\/wordpress\/wp-content\/uploads\/2023\/10\/mercadillo-1024x768.jpg\" alt=\"\" class=\"wp-image-555\" srcset=\"https:\/\/www.colegiosantaana.es\/wordpress\/wp-content\/uploads\/2023\/10\/mercadillo-1024x768.jpg 1024w, https:\/\/www.colegiosantaana.es\/wordpress\/wp-content\/uploads\/2023\/10\/mercadillo-300x225.jpg 300w, https:\/\/www.colegiosantaana.es\/wordpress\/wp-content\/uploads\/2023\/10\/mercadillo-768x576.jpg 768w, https:\/\/www.colegiosantaana.es\/wordpress\/wp-content\/uploads\/2023\/10\/mercadillo-1536x1152.jpg 1536w, https:\/\/www.colegiosantaana.es\/wordpress\/wp-content\/uploads\/2023\/10\/mercadillo.jpg 1920w\" sizes=\"(max-width: 1024px) 100vw, 1024px\" \/><\/figure>\n\n\n\n<p>\u00a1Muchas gracias!<\/p>\n\n\n\n<p>Queremos agradecer a Pl\u00e1sticos Marte, Pasteler\u00eda Gal\u00e1n y a todas las familias que con su an\u00f3nima generosidad han contribuido a conseguir la suma de 1497,21\u20ac que ir\u00e1 destinada a la asociaci\u00f3n <em>Por esa sonrisa,<\/em> para ayudar a Guatemala.<\/p>\n","protected":false},"excerpt":{"rendered":"<p>\u00a1Muchas gracias! Queremos agradecer a Pl\u00e1sticos Marte, Pasteler\u00eda Gal\u00e1n y a todas las familias que con su an\u00f3nima generosidad han contribuido a conseguir la suma de 1497,21\u20ac que ir\u00e1 destinada a la asociaci\u00f3n Por esa sonrisa, para ayudar a Guatemala.<\/p>\n","protected":false},"author":1,"featured_media":0,"comment_status":"closed","ping_status":"open","sticky":false,"template":"","format":"standard","meta":{"footnotes":""},"categories":[27],"tags":[],"class_list":["post-554","post","type-post","status-publish","format-standard","hentry","category-noticias"],"_links":{"self":[{"href":"https:\/\/www.colegiosantaana.es\/wordpress\/wp-json\/wp\/v2\/posts\/554","targetHints":{"allow":["GET"]}}],"collection":[{"href":"https:\/\/www.colegiosantaana.es\/wordpress\/wp-json\/wp\/v2\/posts"}],"about":[{"href":"https:\/\/www.colegiosantaana.es\/wordpress\/wp-json\/wp\/v2\/types\/post"}],"author":[{"embeddable":true,"href":"https:\/\/www.colegiosantaana.es\/wordpress\/wp-json\/wp\/v2\/users\/1"}],"replies":[{"embeddable":true,"href":"https:\/\/www.colegiosantaana.es\/wordpress\/wp-json\/wp\/v2\/comments?post=554"}],"version-history":[{"count":1,"href":"https:\/\/www.colegiosantaana.es\/wordpress\/wp-json\/wp\/v2\/posts\/554\/revisions"}],"predecessor-version":[{"id":556,"href":"https:\/\/www.colegiosantaana.es\/wordpress\/wp-json\/wp\/v2\/posts\/554\/revisions\/556"}],"wp:attachment":[{"href":"https:\/\/www.colegiosantaana.es\/wordpress\/wp-json\/wp\/v2\/media?parent=554"}],"wp:term":[{"taxonomy":"category","embeddable":true,"href":"https:\/\/www.colegiosantaana.es\/wordpress\/wp-json\/wp\/v2\/categories?post=554"},{"taxonomy":"post_tag","embeddable":true,"href":"https:\/\/www.colegiosantaana.es\/wordpress\/wp-json\/wp\/v2\/tags?post=554"}],"curies":[{"name":"wp","href":"https:\/\/api.w.org\/{rel}","templated":true}]}}