{"id":884,"date":"2025-02-17T17:11:38","date_gmt":"2025-02-17T16:11:38","guid":{"rendered":"https:\/\/www.colegiosantaana.es\/wordpress\/?p=884"},"modified":"2025-02-17T17:11:39","modified_gmt":"2025-02-17T16:11:39","slug":"ya-queda-poco","status":"publish","type":"post","link":"https:\/\/www.colegiosantaana.es\/wordpress\/ya-queda-poco\/","title":{"rendered":"\u00a1Ya queda poco!"},"content":{"rendered":"\n<p>El pr\u00f3ximo 12 de marzo tendremos un Study Tour, para conocer de primera mano nuestra metodolog\u00eda pedag\u00f3gica y acad\u00e9mica.<\/p>\n\n\n\n<p>Te invitamos a asistir a esta jornada de puertas abiertas, para que puedas ver en primera persona nuestra forma de trabajar.<\/p>\n\n\n\n<p>\u00a1Todav\u00eda est\u00e1s a tiempo! \u00a1Ap\u00fantate al Study Tour que tendr\u00e1 lugar el 12 de marzo! Conoce el futuro colegio de tu hija\/o. Plazas limitadas: <a href=\"https:\/\/docs.google.com\/forms\/d\/e\/1FAIpQLSdJU5k7dNb_uKH9INmlacYIegHC9vqJH52dr1AQoQJHbwCs1Q\/viewform\">AP\u00daNTATE AQU\u00cd<\/a><\/p>\n\n\n\n<p><iframe src=\"https:\/\/drive.google.com\/file\/d\/1jvg92wDMYk_lVB9IE1rr8Q1oQoG6_6Tf\/preview\" width=\"640\" height=\"480\" allow=\"autoplay\"><\/iframe><\/p>\n","protected":false},"excerpt":{"rendered":"<p>El pr\u00f3ximo 12 de marzo tendremos un Study Tour, para conocer de primera mano nuestra metodolog\u00eda pedag\u00f3gica y acad\u00e9mica. Te invitamos a asistir a esta jornada de puertas abiertas, para que puedas ver en primera persona nuestra forma de trabajar. \u00a1Todav\u00eda est\u00e1s a tiempo! \u00a1Ap\u00fantate al Study Tour que tendr\u00e1 lugar el 12 de marzo! &#8230; <a title=\"\u00a1Ya queda poco!\" class=\"read-more\" href=\"https:\/\/www.colegiosantaana.es\/wordpress\/ya-queda-poco\/\" aria-label=\"Leer m\u00e1s sobre \u00a1Ya queda poco!\">Leer m\u00e1s<\/a><\/p>\n","protected":false},"author":1,"featured_media":0,"comment_status":"closed","ping_status":"open","sticky":false,"template":"","format":"standard","meta":{"footnotes":""},"categories":[27],"tags":[],"class_list":["post-884","post","type-post","status-publish","format-standard","hentry","category-noticias"],"_links":{"self":[{"href":"https:\/\/www.colegiosantaana.es\/wordpress\/wp-json\/wp\/v2\/posts\/884","targetHints":{"allow":["GET"]}}],"collection":[{"href":"https:\/\/www.colegiosantaana.es\/wordpress\/wp-json\/wp\/v2\/posts"}],"about":[{"href":"https:\/\/www.colegiosantaana.es\/wordpress\/wp-json\/wp\/v2\/types\/post"}],"author":[{"embeddable":true,"href":"https:\/\/www.colegiosantaana.es\/wordpress\/wp-json\/wp\/v2\/users\/1"}],"replies":[{"embeddable":true,"href":"https:\/\/www.colegiosantaana.es\/wordpress\/wp-json\/wp\/v2\/comments?post=884"}],"version-history":[{"count":1,"href":"https:\/\/www.colegiosantaana.es\/wordpress\/wp-json\/wp\/v2\/posts\/884\/revisions"}],"predecessor-version":[{"id":885,"href":"https:\/\/www.colegiosantaana.es\/wordpress\/wp-json\/wp\/v2\/posts\/884\/revisions\/885"}],"wp:attachment":[{"href":"https:\/\/www.colegiosantaana.es\/wordpress\/wp-json\/wp\/v2\/media?parent=884"}],"wp:term":[{"taxonomy":"category","embeddable":true,"href":"https:\/\/www.colegiosantaana.es\/wordpress\/wp-json\/wp\/v2\/categories?post=884"},{"taxonomy":"post_tag","embeddable":true,"href":"https:\/\/www.colegiosantaana.es\/wordpress\/wp-json\/wp\/v2\/tags?post=884"}],"curies":[{"name":"wp","href":"https:\/\/api.w.org\/{rel}","templated":true}]}}