{"id":929,"date":"2025-04-28T08:53:24","date_gmt":"2025-04-28T06:53:24","guid":{"rendered":"https:\/\/www.colegiosantaana.es\/wordpress\/?p=929"},"modified":"2025-04-28T08:53:36","modified_gmt":"2025-04-28T06:53:36","slug":"reunion-admision-25-26","status":"publish","type":"post","link":"https:\/\/www.colegiosantaana.es\/wordpress\/reunion-admision-25-26\/","title":{"rendered":"Reuni\u00f3n Admisi\u00f3n 25-26"},"content":{"rendered":"\n<p>Estimadas familias.<\/p>\n\n\n\n<p>Esperamos que hayan tenido unas buenas vacaciones de&nbsp;Semana Santa.<\/p>\n\n\n\n<p>El pr\u00f3ximo <strong>mi\u00e9rcoles 30\/04 a las 17:30h<\/strong>, les invitamos a una reuni\u00f3n en<br>el <strong>Colegio Santa Ana y San Jos\u00e9 de la Monta\u00f1a,<\/strong> para informarles de todo sobre el <strong>proceso de admisi\u00f3n<\/strong> para el <strong>curso 25-26<\/strong>.<br>Ser\u00e1 un momento clave para resolver dudas y acompa\u00f1arles en esta nueva etapa.<br>\u00a1Contamos con vosotras y vosotros! \u00a1Nos vemos pronto!\u00a0<\/p>\n\n\n\n<p>El Equipo Directivo<\/p>\n\n\n\n<figure class=\"wp-block-image size-large\"><img fetchpriority=\"high\" decoding=\"async\" width=\"1024\" height=\"1024\" src=\"https:\/\/www.colegiosantaana.es\/wordpress\/wp-content\/uploads\/2025\/04\/Gmzk0qVbEAAhddj-1024x1024.jpeg\" alt=\"\" class=\"wp-image-913\" srcset=\"https:\/\/www.colegiosantaana.es\/wordpress\/wp-content\/uploads\/2025\/04\/Gmzk0qVbEAAhddj-1024x1024.jpeg 1024w, https:\/\/www.colegiosantaana.es\/wordpress\/wp-content\/uploads\/2025\/04\/Gmzk0qVbEAAhddj-300x300.jpeg 300w, https:\/\/www.colegiosantaana.es\/wordpress\/wp-content\/uploads\/2025\/04\/Gmzk0qVbEAAhddj-150x150.jpeg 150w, https:\/\/www.colegiosantaana.es\/wordpress\/wp-content\/uploads\/2025\/04\/Gmzk0qVbEAAhddj-768x768.jpeg 768w, https:\/\/www.colegiosantaana.es\/wordpress\/wp-content\/uploads\/2025\/04\/Gmzk0qVbEAAhddj-1536x1536.jpeg 1536w, https:\/\/www.colegiosantaana.es\/wordpress\/wp-content\/uploads\/2025\/04\/Gmzk0qVbEAAhddj.jpeg 1654w\" sizes=\"(max-width: 1024px) 100vw, 1024px\" \/><\/figure>\n","protected":false},"excerpt":{"rendered":"<p>Estimadas familias. Esperamos que hayan tenido unas buenas vacaciones de&nbsp;Semana Santa. El pr\u00f3ximo mi\u00e9rcoles 30\/04 a las 17:30h, les invitamos a una reuni\u00f3n enel Colegio Santa Ana y San Jos\u00e9 de la Monta\u00f1a, para informarles de todo sobre el proceso de admisi\u00f3n para el curso 25-26.Ser\u00e1 un momento clave para resolver dudas y acompa\u00f1arles en &#8230; <a title=\"Reuni\u00f3n Admisi\u00f3n 25-26\" class=\"read-more\" href=\"https:\/\/www.colegiosantaana.es\/wordpress\/reunion-admision-25-26\/\" aria-label=\"Leer m\u00e1s sobre Reuni\u00f3n Admisi\u00f3n 25-26\">Leer m\u00e1s<\/a><\/p>\n","protected":false},"author":1,"featured_media":0,"comment_status":"closed","ping_status":"open","sticky":false,"template":"","format":"standard","meta":{"footnotes":""},"categories":[27],"tags":[],"class_list":["post-929","post","type-post","status-publish","format-standard","hentry","category-noticias"],"_links":{"self":[{"href":"https:\/\/www.colegiosantaana.es\/wordpress\/wp-json\/wp\/v2\/posts\/929","targetHints":{"allow":["GET"]}}],"collection":[{"href":"https:\/\/www.colegiosantaana.es\/wordpress\/wp-json\/wp\/v2\/posts"}],"about":[{"href":"https:\/\/www.colegiosantaana.es\/wordpress\/wp-json\/wp\/v2\/types\/post"}],"author":[{"embeddable":true,"href":"https:\/\/www.colegiosantaana.es\/wordpress\/wp-json\/wp\/v2\/users\/1"}],"replies":[{"embeddable":true,"href":"https:\/\/www.colegiosantaana.es\/wordpress\/wp-json\/wp\/v2\/comments?post=929"}],"version-history":[{"count":1,"href":"https:\/\/www.colegiosantaana.es\/wordpress\/wp-json\/wp\/v2\/posts\/929\/revisions"}],"predecessor-version":[{"id":930,"href":"https:\/\/www.colegiosantaana.es\/wordpress\/wp-json\/wp\/v2\/posts\/929\/revisions\/930"}],"wp:attachment":[{"href":"https:\/\/www.colegiosantaana.es\/wordpress\/wp-json\/wp\/v2\/media?parent=929"}],"wp:term":[{"taxonomy":"category","embeddable":true,"href":"https:\/\/www.colegiosantaana.es\/wordpress\/wp-json\/wp\/v2\/categories?post=929"},{"taxonomy":"post_tag","embeddable":true,"href":"https:\/\/www.colegiosantaana.es\/wordpress\/wp-json\/wp\/v2\/tags?post=929"}],"curies":[{"name":"wp","href":"https:\/\/api.w.org\/{rel}","templated":true}]}}